{"id":21629,"date":"2016-06-24T09:27:55","date_gmt":"2016-06-24T09:27:55","guid":{"rendered":"http:\/\/encore-kammerchor.de\/?p=21629"},"modified":"2016-10-18T07:15:17","modified_gmt":"2016-10-18T07:15:17","slug":"encore-1-0-neu-und-verwandelt","status":"publish","type":"post","link":"https:\/\/encore-kammerchor.de\/?p=21629","title":{"rendered":"Encore 1 &#8211; Verwandelt"},"content":{"rendered":"<p>Endlich ist es soweit! Der neue \u00fcberregionale Kammerchor im Saarland erblickt das Licht der Welt. Wir 42 S\u00e4ngerinnen und S\u00e4nger aus dem Saarland und Rheinlandpfalz. Nach Wochen der Vorarbeit und Organisation nehmen wir am 04. Juli unsere Probenarbeit auf und freuen uns jetzt schon riesig euch unser kommendes Programm schmackhaft zu machen.<\/p>\n<p>&#8218;Neu und Verwandelt&#8216; lautet der Titel. Ihr wollt wissen, welche Musik sich dahinter verbirgt? Das verraten wir euch schon bald! Informieren k\u00f6nnt ihr euch auch \u00fcber unsere <a href=\"https:\/\/www.facebook.com\/encorekammerchor\/\" target=\"_blank\">Facebook-Seite<\/a> \u00fcber ein &#8222;Like&#8220; w\u00fcrden wir uns sehr freuen.<\/p>\n<p>&nbsp;<\/p>\n","protected":false},"excerpt":{"rendered":"<p>Endlich ist es soweit! Der neue \u00fcberregionale Kammerchor im Saarland erblickt das Licht der Welt. Wir 42 S\u00e4ngerinnen und S\u00e4nger aus dem Saarland und Rheinlandpfalz. Nach Wochen der Vorarbeit und Organisation nehmen wir am 04. Juli unsere Probenarbeit auf und freuen uns jetzt schon riesig euch unser kommendes Programm schmackhaft zu machen. &#8218;Neu und Verwandelt&#8216; [&hellip;]<\/p>\n","protected":false},"author":1,"featured_media":21717,"comment_status":"open","ping_status":"open","sticky":false,"template":"","format":"standard","meta":[],"categories":[1],"tags":[],"_links":{"self":[{"href":"https:\/\/encore-kammerchor.de\/index.php?rest_route=\/wp\/v2\/posts\/21629"}],"collection":[{"href":"https:\/\/encore-kammerchor.de\/index.php?rest_route=\/wp\/v2\/posts"}],"about":[{"href":"https:\/\/encore-kammerchor.de\/index.php?rest_route=\/wp\/v2\/types\/post"}],"author":[{"embeddable":true,"href":"https:\/\/encore-kammerchor.de\/index.php?rest_route=\/wp\/v2\/users\/1"}],"replies":[{"embeddable":true,"href":"https:\/\/encore-kammerchor.de\/index.php?rest_route=%2Fwp%2Fv2%2Fcomments&post=21629"}],"version-history":[{"count":6,"href":"https:\/\/encore-kammerchor.de\/index.php?rest_route=\/wp\/v2\/posts\/21629\/revisions"}],"predecessor-version":[{"id":21718,"href":"https:\/\/encore-kammerchor.de\/index.php?rest_route=\/wp\/v2\/posts\/21629\/revisions\/21718"}],"wp:featuredmedia":[{"embeddable":true,"href":"https:\/\/encore-kammerchor.de\/index.php?rest_route=\/wp\/v2\/media\/21717"}],"wp:attachment":[{"href":"https:\/\/encore-kammerchor.de\/index.php?rest_route=%2Fwp%2Fv2%2Fmedia&parent=21629"}],"wp:term":[{"taxonomy":"category","embeddable":true,"href":"https:\/\/encore-kammerchor.de\/index.php?rest_route=%2Fwp%2Fv2%2Fcategories&post=21629"},{"taxonomy":"post_tag","embeddable":true,"href":"https:\/\/encore-kammerchor.de\/index.php?rest_route=%2Fwp%2Fv2%2Ftags&post=21629"}],"curies":[{"name":"wp","href":"https:\/\/api.w.org\/{rel}","templated":true}]}}