{"id":21711,"date":"2016-10-18T07:08:46","date_gmt":"2016-10-18T07:08:46","guid":{"rendered":"http:\/\/encore-kammerchor.de\/?p=21711"},"modified":"2016-10-18T07:18:18","modified_gmt":"2016-10-18T07:18:18","slug":"21711","status":"publish","type":"post","link":"https:\/\/encore-kammerchor.de\/?p=21711","title":{"rendered":"Vorhang auf f\u00fcr die Encore Premiere!"},"content":{"rendered":"<div class=\"tribe-events-single-event-description tribe-events-content\">\n<p>Liebe Freunde,<\/p>\n<p>herzliche Einladung zu einer spannenden Premiere im K\u00f6llertal.<\/p>\n<p>Der neue \u00fcberregionale Kammerchor \u201eEncore\u201c stellt sich Ende November erstmals der musikbegeisterten \u00d6ffentlichkeit vor. Im Juli kamen die 42 ambitionierten Choristen aus dem Saarland und dem angrenzenden Rheinland-Pfalz unter der Leitung des Saarbr\u00fccker Dirigenten Matthias Rajczyk erstmals zusammen. Das Ergebnis ist das erste Programm mit dem Titel \u201eVerwandelt\u201c.<\/p>\n<p>Zum einen ist der Titel ein Hinweis auf die Verschmelzung von vielen S\u00e4ngerinnen und S\u00e4ngern zu einem neuen Klangk\u00f6rper. Zum anderen ist damit der textliche Gehalt des geistlichen Programms gemeint, welches ausschlie\u00dflich a cappella dargeboten wird. Die Werke von Heinrich Sch\u00fctz, Eric Whitacre, Charles Villers Stanford, Hubert Parry, Felix Mendelssohn und anderen Gr\u00f6\u00dfen der Chormusik erz\u00e4hlen von Auferstehung, dem ewigen Leben, dem Vertreiben der Dunkelheit in uns und der Verwandlung des menschlichen Wesens.<\/p>\n<p>Das erste Konzert wird als sogenanntes After-Work- Konzert am Montag, dem 21. November um 20 Uhr in St. Matthias Riegelsberg stattfinden, zudem habt ihr am Sonntag, den 27. November um 17 Uhr in P\u00fcttlingen im Kloster Heilig Kreuz Gelegenheit das Konzertprogramm zu h\u00f6ren.<\/p>\n<p>Der Eintritt zu den Konzerten ist frei. Um Spenden wird gebeten.<\/p>\n<p>Wir freuen uns auf euch!<\/p>\n<p><a href=\"http:\/\/www.encore-kammerchor.de\">www.encore-kammerchor.de<\/a><\/p>\n<\/div>\n","protected":false},"excerpt":{"rendered":"<p>Liebe Freunde, herzliche Einladung zu einer spannenden Premiere im K\u00f6llertal. Der neue \u00fcberregionale Kammerchor \u201eEncore\u201c stellt sich Ende November erstmals der musikbegeisterten \u00d6ffentlichkeit vor. Im Juli kamen die 42 ambitionierten Choristen aus dem Saarland und dem angrenzenden Rheinland-Pfalz unter der Leitung des Saarbr\u00fccker Dirigenten Matthias Rajczyk erstmals zusammen. Das Ergebnis ist das erste Programm mit [&hellip;]<\/p>\n","protected":false},"author":1,"featured_media":21712,"comment_status":"open","ping_status":"open","sticky":false,"template":"","format":"standard","meta":[],"categories":[1],"tags":[],"_links":{"self":[{"href":"https:\/\/encore-kammerchor.de\/index.php?rest_route=\/wp\/v2\/posts\/21711"}],"collection":[{"href":"https:\/\/encore-kammerchor.de\/index.php?rest_route=\/wp\/v2\/posts"}],"about":[{"href":"https:\/\/encore-kammerchor.de\/index.php?rest_route=\/wp\/v2\/types\/post"}],"author":[{"embeddable":true,"href":"https:\/\/encore-kammerchor.de\/index.php?rest_route=\/wp\/v2\/users\/1"}],"replies":[{"embeddable":true,"href":"https:\/\/encore-kammerchor.de\/index.php?rest_route=%2Fwp%2Fv2%2Fcomments&post=21711"}],"version-history":[{"count":2,"href":"https:\/\/encore-kammerchor.de\/index.php?rest_route=\/wp\/v2\/posts\/21711\/revisions"}],"predecessor-version":[{"id":21714,"href":"https:\/\/encore-kammerchor.de\/index.php?rest_route=\/wp\/v2\/posts\/21711\/revisions\/21714"}],"wp:featuredmedia":[{"embeddable":true,"href":"https:\/\/encore-kammerchor.de\/index.php?rest_route=\/wp\/v2\/media\/21712"}],"wp:attachment":[{"href":"https:\/\/encore-kammerchor.de\/index.php?rest_route=%2Fwp%2Fv2%2Fmedia&parent=21711"}],"wp:term":[{"taxonomy":"category","embeddable":true,"href":"https:\/\/encore-kammerchor.de\/index.php?rest_route=%2Fwp%2Fv2%2Fcategories&post=21711"},{"taxonomy":"post_tag","embeddable":true,"href":"https:\/\/encore-kammerchor.de\/index.php?rest_route=%2Fwp%2Fv2%2Ftags&post=21711"}],"curies":[{"name":"wp","href":"https:\/\/api.w.org\/{rel}","templated":true}]}}