{"id":21750,"date":"2016-12-01T06:58:53","date_gmt":"2016-12-01T06:58:53","guid":{"rendered":"http:\/\/encore-kammerchor.de\/?p=21750"},"modified":"2016-12-01T06:59:23","modified_gmt":"2016-12-01T06:59:23","slug":"kritik-zur-encore-premiere-verwandelt","status":"publish","type":"post","link":"https:\/\/encore-kammerchor.de\/?p=21750","title":{"rendered":"Kritik zur ENCORE Premiere &#8211; Verwandelt"},"content":{"rendered":"<p><img class=\"lazyload alignnone wp-image-21751 size-full\" src=\"https:\/\/encore-kammerchor.de\/wp-content\/uploads\/2016\/12\/15203159_1859991547548697_7853018212034435997_n.jpg\" data-orig-src=\"https:\/\/encore-kammerchor.de\/wp-content\/uploads\/2016\/12\/15203159_1859991547548697_7853018212034435997_n.jpg\" alt=\"15203159_1859991547548697_7853018212034435997_n\" width=\"960\" height=\"686\" srcset=\"data:image\/svg+xml,%3Csvg%20xmlns%3D%27http%3A%2F%2Fwww.w3.org%2F2000%2Fsvg%27%20width%3D%27960%27%20height%3D%27686%27%20viewBox%3D%270%200%20960%20686%27%3E%3Crect%20width%3D%27960%27%20height%3D%273686%27%20fill-opacity%3D%220%22%2F%3E%3C%2Fsvg%3E\" data-srcset=\"https:\/\/encore-kammerchor.de\/wp-content\/uploads\/2016\/12\/15203159_1859991547548697_7853018212034435997_n-300x214.jpg 300w, https:\/\/encore-kammerchor.de\/wp-content\/uploads\/2016\/12\/15203159_1859991547548697_7853018212034435997_n-700x500.jpg 700w, https:\/\/encore-kammerchor.de\/wp-content\/uploads\/2016\/12\/15203159_1859991547548697_7853018212034435997_n-768x549.jpg 768w, https:\/\/encore-kammerchor.de\/wp-content\/uploads\/2016\/12\/15203159_1859991547548697_7853018212034435997_n.jpg 960w\" data-sizes=\"auto\" data-orig-sizes=\"(max-width: 960px) 100vw, 960px\" \/><\/p>\n<p>Wir danken der Saarbr\u00fccker Zeitung f\u00fcr die \u00fcberaus positive Reaktion auf unser Konzert in P\u00fcttlingen. In k\u00fcrze folgt hier noch ein ausf\u00fchrlicher Bericht \u00fcber unsere beiden Konzerte aus Sicht des Chores.<\/p>\n","protected":false},"excerpt":{"rendered":"<p>Wir danken der Saarbr\u00fccker Zeitung f\u00fcr die \u00fcberaus positive Reaktion auf unser Konzert in P\u00fcttlingen. In k\u00fcrze folgt hier noch ein ausf\u00fchrlicher Bericht \u00fcber unsere beiden Konzerte aus Sicht des Chores.<\/p>\n","protected":false},"author":1,"featured_media":21514,"comment_status":"open","ping_status":"open","sticky":false,"template":"","format":"standard","meta":[],"categories":[1],"tags":[],"_links":{"self":[{"href":"https:\/\/encore-kammerchor.de\/index.php?rest_route=\/wp\/v2\/posts\/21750"}],"collection":[{"href":"https:\/\/encore-kammerchor.de\/index.php?rest_route=\/wp\/v2\/posts"}],"about":[{"href":"https:\/\/encore-kammerchor.de\/index.php?rest_route=\/wp\/v2\/types\/post"}],"author":[{"embeddable":true,"href":"https:\/\/encore-kammerchor.de\/index.php?rest_route=\/wp\/v2\/users\/1"}],"replies":[{"embeddable":true,"href":"https:\/\/encore-kammerchor.de\/index.php?rest_route=%2Fwp%2Fv2%2Fcomments&post=21750"}],"version-history":[{"count":2,"href":"https:\/\/encore-kammerchor.de\/index.php?rest_route=\/wp\/v2\/posts\/21750\/revisions"}],"predecessor-version":[{"id":21753,"href":"https:\/\/encore-kammerchor.de\/index.php?rest_route=\/wp\/v2\/posts\/21750\/revisions\/21753"}],"wp:featuredmedia":[{"embeddable":true,"href":"https:\/\/encore-kammerchor.de\/index.php?rest_route=\/wp\/v2\/media\/21514"}],"wp:attachment":[{"href":"https:\/\/encore-kammerchor.de\/index.php?rest_route=%2Fwp%2Fv2%2Fmedia&parent=21750"}],"wp:term":[{"taxonomy":"category","embeddable":true,"href":"https:\/\/encore-kammerchor.de\/index.php?rest_route=%2Fwp%2Fv2%2Fcategories&post=21750"},{"taxonomy":"post_tag","embeddable":true,"href":"https:\/\/encore-kammerchor.de\/index.php?rest_route=%2Fwp%2Fv2%2Ftags&post=21750"}],"curies":[{"name":"wp","href":"https:\/\/api.w.org\/{rel}","templated":true}]}}