{"id":21754,"date":"2016-12-01T12:09:49","date_gmt":"2016-12-01T12:09:49","guid":{"rendered":"http:\/\/encore-kammerchor.de\/?p=21754"},"modified":"2016-12-01T13:01:51","modified_gmt":"2016-12-01T13:01:51","slug":"verwandelt-wie-aus-einer-idee-ein-chor-wird","status":"publish","type":"post","link":"https:\/\/encore-kammerchor.de\/?p=21754","title":{"rendered":"Verwandelt &#8211; Wie aus einer Idee ein Chor wird"},"content":{"rendered":"<p><em>Von Ansgar Hoffmann &#8211; Bariton<\/em><\/p>\n<p>Wenn ein Chorleiter einen Chor \u00fcbernimmt, wird er versuchen, seine musikalischen Vorstellungen mit diesem Ensemble umzusetzen. Er trifft dabei in der Regel auf eine vorhandene Stimmbesetzung und gewachsene Strukturen, Erfahrungen und Traditionen. Manch ein Dirigent\u00a0leitet gleich mehrere Ch\u00f6re und Ensembles, bei denen er in unterschiedlicher Weise Akzente setzen kann. Kompromisse geh\u00f6ren zum Alltag des Chorleiters.<\/p>\n<p>Matthias Rajczyk ist so ein Chorleiter mit mehreren Ch\u00f6ren. Seit Juli 2016 g\u00f6nnt er sich und uns eine Zugabe, denn das bedeutet der Name des neuen Kammerchors &#8222;ENCORE&#8220;. Der gro\u00dfe Unterschied zu den anderen seiner Ch\u00f6re besteht darin, dass er ihn selbst zusammengestellt und von der ersten Minute an gestaltet hat. 42 S\u00e4ngerinnen und S\u00e4nger hat er ausgew\u00e4hlt, um gemeinsam mit ihnen so Musik zu machen, wie er sich Musik vorstellt. Diese S\u00e4ngerinnen und S\u00e4nger haben sich von verschiedenen geographischen und musikalischen Orten auf den Weg gemacht und treffen sich jeden Montag, um mit Matthias und miteinander zu musizieren. Geographisch kommen wir aus dem gesamten Saarland und dem angrenzenden Rheinland Pfalz, musikalisch aus den verschiedensten Ch\u00f6ren und Ensembles. F\u00fcr einige ist Musik der Beruf, f\u00fcr andere eine leidenschaftliche Freizeitbesch\u00e4ftigung. Manche singen in einem oder mehreren anderen Ch\u00f6ren, andere haben ihren bisherigen Chor verlassen, um bei ENCORE mitzumachen. Einige kannten zum Probenstart schon viele Mits\u00e4nger, andere h\u00f6chstens eine Handvoll. Das gemeinsame Bindeglied zum Start von ENCORE war Matthias.<\/p>\n<p>Die Proben gestalteten sich ambitioniert und diszipliniert. Der Chorleiter war stets perfekt vorbereitet, die S\u00e4ngerinnen und S\u00e4nger meistens auch &#8230; Zwei Stunden w\u00f6chentlich intensives gemeinsames Musizieren. Nach vier Monaten kennen wir die Stimmen unserer Nebenleute ziemlich gut. Was uns als Menschen sonst noch ausmacht, blieb bislang im Verborgenen. Die ersten Konzerte stellten nun eine Bew\u00e4hrungsprobe f\u00fcr alle dar: F\u00fcr den Chorleiter und seine Idee von Chormusik und f\u00fcr den Chor, der aus bislang eher fremden Einzelstimmen eine neue musikalische Einheit entstehen lassen m\u00f6chte. Das von Matthias ausgew\u00e4hlte Programm verzichtete weitgehend auf Rettungsanker und Sicherheitswesten. Der Spannungsbogen reichte von Sch\u00fctz, Bruckner, Mendelssohn und Rheinberger bis Whitacre, Todd und Gjeilo. Das Motto hie\u00df &#8222;Neu und Verwandelt&#8220;. W\u00fcrde es gelingen, die in der Musik und den Texten enthaltene Verwandlung auf den neuen Klangk\u00f6rper zu \u00fcbertragen?<\/p>\n<p>Alles war geprobt. Aber hat die Zeit gereicht? Wie weit gehen Chorleiters Anspruch und Chores Wirklichkeit auseinander? Das Premierenkonzert in St. Matthias Riegelsberg. Ein halbes Heimspiel f\u00fcr den neuen Chor. Einige Proben fanden vor Ort statt. Und dann ein After Work Konzert montags um 20.00 Uhr. After Work nicht nur f\u00fcr die Zuh\u00f6rer, sondern auch f\u00fcr S\u00e4ngerinnen und S\u00e4nger. Raus aus dem Alltag, rein ins Konzert, kurzes Einsingen, dann LOS. Kein (mir als Chors\u00e4nger) vertrautes langsames Aufbauen der Stimmung, bis ich f\u00fcr das Konzert bereit bin.<\/p>\n<p>Erfreut nehmen wir zur Kenntnis, dass die Kirche \u00fcberraschend gut gef\u00fcllt ist. Wir stehen bequem in zwei Reihen halbkreisf\u00f6rmig um den Altar und versuchen, gesanglich das umzusetzen, was sich der Meister w\u00fcnscht. Die Akustik bietet viel Hall, der einiges gl\u00e4ttet und anderes verschwimmen l\u00e4sst. Die konzertante Stunde ist schnell verflogen, die Stimmung kontrolliert positiv. Selbstkritik ist hier und da zu h\u00f6ren. Das Fazit: Das war schon richtig sch\u00f6n, es bleibt Luft nach oben. Der Beweis war erbracht, dass die vorhandenen Einzelstimmen eine musikalische Gemeinschaft bilden k\u00f6nnen.<\/p>\n<p>Das zweite Konzert sechs Tage sp\u00e4ter. V\u00f6llig andere Ausgangsbedingungen. Ein Sonntag, der f\u00fcr die meisten S\u00e4ngerinnen und S\u00e4nger als Konzerttag vertraut ist. Treffpunkt zwei Stunden vor Konzertbeginn. P\u00fcttlingen, Klosterkirche Heilig Kreuz. Die bange Frage, ob der Altarraum Platz f\u00fcr 42 S\u00e4ngerinnen und S\u00e4nger bietet. Die Antwort, dass wir da irgendwie hinpassen. Platz, Bequemlichkeit und Sicht auf den Dirigenten sind in den Dimensionen \u00fcberschaubar. Die Akustik ist deutlich anders als in Riegelsberg. Kaum sch\u00fctzender oder t\u00e4uschender Hall. Das wirkt alles ein bisschen\u00a0 direkter, gnadenloser. Nach diesem Konzert werden wir ungef\u00e4hr wissen, wo wir stehen.<\/p>\n<p>Matthias probt bis kurz vor Konzertbeginn. In seinem R\u00fccken f\u00fcllt sich die Kirche rasch. Manche Choristen werden ein bisschen nerv\u00f6s. Dann das Konzert. Der Einstieg gelingt. Stanford, Sch\u00fctz, Bruckner. L\u00e4uft. Nicht nur das Publikum h\u00f6rt uns klar, auch wir S\u00e4ngerinnen und S\u00e4nger h\u00f6ren uns viel besser als am letzten Montag. Und auch Matthias hat reagiert und die Aufstellung des Chors bei Mendelssohn\u00a0 ge\u00e4ndert, so dass M\u00e4nner und Frauen als jeweilige Einheit wahrgenommen werden.<\/p>\n<p>Auch das zweite Konzert ist vorbei. Die Stimmung bei Chor und Leiter ist gut, ein bisschen ausgelassener als beim ersten Konzert. Das Feedback des Publikums war schon am Montag positiv, heute erhalten wir ebenfalls viele sch\u00f6ne R\u00fcckmeldungen. Beim \u00fcberschaubaren Essen im Anschluss an das Konzert wird auch deutlich, was die Ohren und Herzen aller Beteiligten in den Konzerten ersp\u00fcrt haben: Mit ENCORE w\u00e4chst etwas zusammen, das \u00fcber blo\u00dfes Musizieren hinausgeht.<\/p>\n<p>Matthias, es ist sch\u00f6n, in deinem Chor ENCORE gemeinsam mit vielen tollen Menschen Musik machen zu d\u00fcrfen.<\/p>\n","protected":false},"excerpt":{"rendered":"<p>Von Ansgar Hoffmann &#8211; Bariton Wenn ein Chorleiter einen Chor \u00fcbernimmt, wird er versuchen, seine musikalischen Vorstellungen mit diesem Ensemble umzusetzen. Er trifft dabei in der Regel auf eine vorhandene Stimmbesetzung und gewachsene Strukturen, Erfahrungen und Traditionen. Manch ein Dirigent\u00a0leitet gleich mehrere Ch\u00f6re und Ensembles, bei denen er in unterschiedlicher Weise Akzente setzen kann. Kompromisse [&hellip;]<\/p>\n","protected":false},"author":1,"featured_media":21755,"comment_status":"open","ping_status":"open","sticky":false,"template":"","format":"standard","meta":[],"categories":[1],"tags":[],"_links":{"self":[{"href":"https:\/\/encore-kammerchor.de\/index.php?rest_route=\/wp\/v2\/posts\/21754"}],"collection":[{"href":"https:\/\/encore-kammerchor.de\/index.php?rest_route=\/wp\/v2\/posts"}],"about":[{"href":"https:\/\/encore-kammerchor.de\/index.php?rest_route=\/wp\/v2\/types\/post"}],"author":[{"embeddable":true,"href":"https:\/\/encore-kammerchor.de\/index.php?rest_route=\/wp\/v2\/users\/1"}],"replies":[{"embeddable":true,"href":"https:\/\/encore-kammerchor.de\/index.php?rest_route=%2Fwp%2Fv2%2Fcomments&post=21754"}],"version-history":[{"count":2,"href":"https:\/\/encore-kammerchor.de\/index.php?rest_route=\/wp\/v2\/posts\/21754\/revisions"}],"predecessor-version":[{"id":21757,"href":"https:\/\/encore-kammerchor.de\/index.php?rest_route=\/wp\/v2\/posts\/21754\/revisions\/21757"}],"wp:featuredmedia":[{"embeddable":true,"href":"https:\/\/encore-kammerchor.de\/index.php?rest_route=\/wp\/v2\/media\/21755"}],"wp:attachment":[{"href":"https:\/\/encore-kammerchor.de\/index.php?rest_route=%2Fwp%2Fv2%2Fmedia&parent=21754"}],"wp:term":[{"taxonomy":"category","embeddable":true,"href":"https:\/\/encore-kammerchor.de\/index.php?rest_route=%2Fwp%2Fv2%2Fcategories&post=21754"},{"taxonomy":"post_tag","embeddable":true,"href":"https:\/\/encore-kammerchor.de\/index.php?rest_route=%2Fwp%2Fv2%2Ftags&post=21754"}],"curies":[{"name":"wp","href":"https:\/\/api.w.org\/{rel}","templated":true}]}}